{"id":2483,"date":"2018-11-05T18:51:04","date_gmt":"2018-11-05T17:51:04","guid":{"rendered":"http:\/\/florencejoubert.com\/?p=2483"},"modified":"2019-07-31T19:24:04","modified_gmt":"2019-07-31T18:24:04","slug":"exposition-avec-le-collectif-les-sismographes","status":"publish","type":"post","link":"https:\/\/florencejoubert.com\/en\/exposition-avec-le-collectif-les-sismographes\/","title":{"rendered":"\/\/ Exhibition with les Sismo-graphes collective \/\/"},"content":{"rendered":"<p><\/p>\n<p>\u00a0A l&#8217;occasion de l&#8217; &#8220;Expo-Action&#8221; du 6b , les Sismographes (c&#8217;est nous!) pr\u00e9senteront pour la premi\u00e8re fois leur travail en cours.\u00a0<br \/>Ils invitent \u00e0 partager leurs \u201ctremblements\u201c collectifs en d\u00e9voilant des fragments de leur \u00ab Epicentre \u00bb du Grand Paris intitul\u00e9 La Ville S\u00e9dimentaire. Il se situe \u00e0 proximit\u00e9 du 6b, sur l\u2019autre rive du Canal. Ils ont construit un r\u00e9cit photographique de cet<span class=\"text_exposed_show\">te \u00ab apr\u00e8s ville \u00bb en devenir qu\u2019ils d\u00e9ploieront sur les murs dans un ouvrage encore en travail. Ils pr\u00eateront leurs images pour que les visiteurs puissent \u00e0 leur tour cr\u00e9er avec celles de leur choix une phrase visuelle accroch\u00e9e sur l\u2019un des fils rouges qui traversera l\u2019espace d\u2019exposition.\u00a0<\/span><\/p>\n<p>Les sismographes :Julie Balagu\u00e9 Manue Blanc Rapha\u00eble Bertho, Julie Bourges, Pierre-Yves Brunaud, Claire Cocano, Eric Garault, Marie Genel, Florence Joubert, , Xavier Schwebel, Laurent Villeret, Eric Flogny et Laure Letinois<\/p>\n<p>RDV du 5 au 17 Novembre au 6B. Vernissage le 5 \u00e0 18h.<\/p>\n<p><a href=\"https:\/\/florencejoubert.com\/wp-content\/uploads\/actualites\/43648573_10156074848048095_1691451575358193664_n.jpg\"><img loading=\"lazy\" width=\"768\" height=\"960\" class=\"alignnone size-full wp-image-2433\" src=\"https:\/\/florencejoubert.com\/wp-content\/uploads\/actualites\/43648573_10156074848048095_1691451575358193664_n.jpg\" alt=\"43648573_10156074848048095_1691451575358193664_n\" srcset=\"https:\/\/florencejoubert.com\/wp-content\/uploads\/actualites\/43648573_10156074848048095_1691451575358193664_n.jpg 768w, https:\/\/florencejoubert.com\/wp-content\/uploads\/actualites\/43648573_10156074848048095_1691451575358193664_n-220x275.jpg 220w, https:\/\/florencejoubert.com\/wp-content\/uploads\/actualites\/43648573_10156074848048095_1691451575358193664_n-460x575.jpg 460w, https:\/\/florencejoubert.com\/wp-content\/uploads\/actualites\/43648573_10156074848048095_1691451575358193664_n-700x875.jpg 700w, https:\/\/florencejoubert.com\/wp-content\/uploads\/actualites\/43648573_10156074848048095_1691451575358193664_n-80x100.jpg 80w, https:\/\/florencejoubert.com\/wp-content\/uploads\/actualites\/43648573_10156074848048095_1691451575358193664_n-480x600.jpg 480w, https:\/\/florencejoubert.com\/wp-content\/uploads\/actualites\/43648573_10156074848048095_1691451575358193664_n-224x280.jpg 224w\" sizes=\"(max-width: 768px) 100vw, 768px\" \/><\/a><\/p>\n<p>\u00a0<a href=\"https:\/\/florencejoubert.com\/wp-content\/uploads\/actualites\/44665767_2088249807887013_2314815114290659328_o.jpg\"><img loading=\"lazy\" width=\"1886\" height=\"998\" class=\"alignnone size-full wp-image-2434\" src=\"https:\/\/florencejoubert.com\/wp-content\/uploads\/actualites\/44665767_2088249807887013_2314815114290659328_o.jpg\" alt=\"44665767_2088249807887013_2314815114290659328_o\" srcset=\"https:\/\/florencejoubert.com\/wp-content\/uploads\/actualites\/44665767_2088249807887013_2314815114290659328_o.jpg 1886w, https:\/\/florencejoubert.com\/wp-content\/uploads\/actualites\/44665767_2088249807887013_2314815114290659328_o-220x116.jpg 220w, https:\/\/florencejoubert.com\/wp-content\/uploads\/actualites\/44665767_2088249807887013_2314815114290659328_o-460x243.jpg 460w, https:\/\/florencejoubert.com\/wp-content\/uploads\/actualites\/44665767_2088249807887013_2314815114290659328_o-700x370.jpg 700w, https:\/\/florencejoubert.com\/wp-content\/uploads\/actualites\/44665767_2088249807887013_2314815114290659328_o-100x53.jpg 100w, https:\/\/florencejoubert.com\/wp-content\/uploads\/actualites\/44665767_2088249807887013_2314815114290659328_o-1500x794.jpg 1500w, https:\/\/florencejoubert.com\/wp-content\/uploads\/actualites\/44665767_2088249807887013_2314815114290659328_o-800x423.jpg 800w, https:\/\/florencejoubert.com\/wp-content\/uploads\/actualites\/44665767_2088249807887013_2314815114290659328_o-280x148.jpg 280w\" sizes=\"(max-width: 1886px) 100vw, 1886px\" \/><\/a><a href=\"https:\/\/florencejoubert.com\/wp-content\/uploads\/actualites\/45863257_10156777262242505_2794317645606813696_n.jpg\"><img loading=\"lazy\" width=\"960\" height=\"640\" class=\"alignnone size-full wp-image-2435\" src=\"https:\/\/florencejoubert.com\/wp-content\/uploads\/actualites\/45863257_10156777262242505_2794317645606813696_n.jpg\" alt=\"45863257_10156777262242505_2794317645606813696_n\" srcset=\"https:\/\/florencejoubert.com\/wp-content\/uploads\/actualites\/45863257_10156777262242505_2794317645606813696_n.jpg 960w, https:\/\/florencejoubert.com\/wp-content\/uploads\/actualites\/45863257_10156777262242505_2794317645606813696_n-220x147.jpg 220w, https:\/\/florencejoubert.com\/wp-content\/uploads\/actualites\/45863257_10156777262242505_2794317645606813696_n-460x307.jpg 460w, https:\/\/florencejoubert.com\/wp-content\/uploads\/actualites\/45863257_10156777262242505_2794317645606813696_n-700x467.jpg 700w, https:\/\/florencejoubert.com\/wp-content\/uploads\/actualites\/45863257_10156777262242505_2794317645606813696_n-100x67.jpg 100w, https:\/\/florencejoubert.com\/wp-content\/uploads\/actualites\/45863257_10156777262242505_2794317645606813696_n-800x533.jpg 800w, https:\/\/florencejoubert.com\/wp-content\/uploads\/actualites\/45863257_10156777262242505_2794317645606813696_n-280x187.jpg 280w\" sizes=\"(max-width: 960px) 100vw, 960px\" \/><\/a><\/p>\n<p><\/p>","protected":false},"excerpt":{"rendered":"\u00a0A l&#8217;occasion de l&#8217; &#8220;Expo-Action&#8221; du 6b , les Sismographes (c&#8217;est nous!) pr\u00e9senteront pour la premi\u00e8re fois leur travail en cours.\u00a0Ils invitent \u00e0 partager leurs \u201ctremblements\u201c collectifs en d\u00e9voilant des fragments de leur \u00ab Epicentre \u00bb du Grand Paris intitul\u00e9 La Ville S\u00e9dimentaire. Il se situe \u00e0 proximit\u00e9 du 6b, sur l\u2019autre rive du Canal&#8230;. <br\/><a class=\"view-article\" href=\"https:\/\/florencejoubert.com\/en\/exposition-avec-le-collectif-les-sismographes\/\">View Article<\/a>","protected":false},"author":3,"featured_media":0,"comment_status":"closed","ping_status":"closed","sticky":false,"template":"","format":"standard","meta":[],"categories":[13],"tags":[],"yoast_head":"<!-- This site is optimized with the Yoast SEO plugin v17.0 - https:\/\/yoast.com\/wordpress\/plugins\/seo\/ -->\n<meta name=\"robots\" content=\"index, follow, max-snippet:-1, max-image-preview:large, max-video-preview:-1\" \/>\n<link rel=\"canonical\" href=\"https:\/\/florencejoubert.com\/en\/exposition-avec-le-collectif-les-sismographes\/\" \/>\n<meta property=\"og:locale\" content=\"en_US\" \/>\n<meta property=\"og:type\" content=\"article\" \/>\n<meta property=\"og:title\" content=\"\/\/ Exhibition with les Sismo-graphes collective \/\/ | Florence Joubert photographe\" \/>\n<meta property=\"og:description\" content=\"\u00a0A l&#8217;occasion de l&#8217; &#8220;Expo-Action&#8221; du 6b , les Sismographes (c&#8217;est nous!) pr\u00e9senteront pour la premi\u00e8re fois leur travail en cours.\u00a0Ils invitent \u00e0 partager leurs \u201ctremblements\u201c collectifs en d\u00e9voilant des fragments de leur \u00ab Epicentre \u00bb du Grand Paris intitul\u00e9 La Ville S\u00e9dimentaire. Il se situe \u00e0 proximit\u00e9 du 6b, sur l\u2019autre rive du Canal.... View Article\" \/>\n<meta property=\"og:url\" content=\"https:\/\/florencejoubert.com\/exposition-avec-le-collectif-les-sismographes\/\" \/>\n<meta property=\"og:site_name\" content=\"Florence Joubert\" \/>\n<meta property=\"article:published_time\" content=\"2018-11-05T17:51:04+00:00\" \/>\n<meta property=\"article:modified_time\" content=\"2019-07-31T18:24:04+00:00\" \/>\n<meta property=\"og:image\" content=\"http:\/\/florencejoubert.com\/wp-content\/uploads\/actualites\/43648573_10156074848048095_1691451575358193664_n.jpg\" \/>\n<meta name=\"twitter:card\" content=\"summary_large_image\" \/>\n<meta name=\"twitter:label1\" content=\"Written by\" \/>\n\t<meta name=\"twitter:data1\" content=\"Florence Joubert\" \/>\n\t<meta name=\"twitter:label2\" content=\"Est. reading time\" \/>\n\t<meta name=\"twitter:data2\" content=\"2 minutes\" \/>\n<script type=\"application\/ld+json\" class=\"yoast-schema-graph\">{\"@context\":\"https:\/\/schema.org\",\"@graph\":[{\"@type\":\"WebSite\",\"@id\":\"https:\/\/florencejoubert.com\/#website\",\"url\":\"https:\/\/florencejoubert.com\/\",\"name\":\"Florence Joubert\",\"description\":\"photographe\",\"potentialAction\":[{\"@type\":\"SearchAction\",\"target\":{\"@type\":\"EntryPoint\",\"urlTemplate\":\"https:\/\/florencejoubert.com\/?s={search_term_string}\"},\"query-input\":\"required name=search_term_string\"}],\"inLanguage\":\"en-EN\"},{\"@type\":\"ImageObject\",\"@id\":\"https:\/\/florencejoubert.com\/exposition-avec-le-collectif-les-sismographes\/#primaryimage\",\"inLanguage\":\"en-EN\",\"url\":\"http:\/\/florencejoubert.com\/wp-content\/uploads\/actualites\/43648573_10156074848048095_1691451575358193664_n.jpg\",\"contentUrl\":\"http:\/\/florencejoubert.com\/wp-content\/uploads\/actualites\/43648573_10156074848048095_1691451575358193664_n.jpg\"},{\"@type\":\"WebPage\",\"@id\":\"https:\/\/florencejoubert.com\/exposition-avec-le-collectif-les-sismographes\/#webpage\",\"url\":\"https:\/\/florencejoubert.com\/exposition-avec-le-collectif-les-sismographes\/\",\"name\":\"\/\/ Exhibition with les Sismo-graphes collective \/\/ | Florence Joubert photographe\",\"isPartOf\":{\"@id\":\"https:\/\/florencejoubert.com\/#website\"},\"primaryImageOfPage\":{\"@id\":\"https:\/\/florencejoubert.com\/exposition-avec-le-collectif-les-sismographes\/#primaryimage\"},\"datePublished\":\"2018-11-05T17:51:04+00:00\",\"dateModified\":\"2019-07-31T18:24:04+00:00\",\"author\":{\"@id\":\"https:\/\/florencejoubert.com\/#\/schema\/person\/a1948701805318ac010bec46084b20cd\"},\"breadcrumb\":{\"@id\":\"https:\/\/florencejoubert.com\/exposition-avec-le-collectif-les-sismographes\/#breadcrumb\"},\"inLanguage\":\"en-EN\",\"potentialAction\":[{\"@type\":\"ReadAction\",\"target\":[\"https:\/\/florencejoubert.com\/exposition-avec-le-collectif-les-sismographes\/\"]}]},{\"@type\":\"BreadcrumbList\",\"@id\":\"https:\/\/florencejoubert.com\/exposition-avec-le-collectif-les-sismographes\/#breadcrumb\",\"itemListElement\":[{\"@type\":\"ListItem\",\"position\":1,\"name\":\"Accueil\",\"item\":\"https:\/\/florencejoubert.com\/\"},{\"@type\":\"ListItem\",\"position\":2,\"name\":\"\/\/ Exposition avec le collectif les Sismographes \/\/\"}]},{\"@type\":\"Person\",\"@id\":\"https:\/\/florencejoubert.com\/#\/schema\/person\/a1948701805318ac010bec46084b20cd\",\"name\":\"Florence Joubert\",\"image\":{\"@type\":\"ImageObject\",\"@id\":\"https:\/\/florencejoubert.com\/#personlogo\",\"inLanguage\":\"en-EN\",\"url\":\"https:\/\/secure.gravatar.com\/avatar\/47dc42bffabab4d916b404eadbe7e4bf?s=96&d=mm&r=g\",\"contentUrl\":\"https:\/\/secure.gravatar.com\/avatar\/47dc42bffabab4d916b404eadbe7e4bf?s=96&d=mm&r=g\",\"caption\":\"Florence Joubert\"}}]}<\/script>\n<!-- \/ Yoast SEO plugin. -->","yoast_head_json":{"robots":{"index":"index","follow":"follow","max-snippet":"max-snippet:-1","max-image-preview":"max-image-preview:large","max-video-preview":"max-video-preview:-1"},"canonical":"https:\/\/florencejoubert.com\/en\/exposition-avec-le-collectif-les-sismographes\/","og_locale":"en_US","og_type":"article","og_title":"\/\/ Exhibition with les Sismo-graphes collective \/\/ | Florence Joubert photographe","og_description":"\u00a0A l&#8217;occasion de l&#8217; &#8220;Expo-Action&#8221; du 6b , les Sismographes (c&#8217;est nous!) pr\u00e9senteront pour la premi\u00e8re fois leur travail en cours.\u00a0Ils invitent \u00e0 partager leurs \u201ctremblements\u201c collectifs en d\u00e9voilant des fragments de leur \u00ab Epicentre \u00bb du Grand Paris intitul\u00e9 La Ville S\u00e9dimentaire. Il se situe \u00e0 proximit\u00e9 du 6b, sur l\u2019autre rive du Canal.... View Article","og_url":"https:\/\/florencejoubert.com\/exposition-avec-le-collectif-les-sismographes\/","og_site_name":"Florence Joubert","article_published_time":"2018-11-05T17:51:04+00:00","article_modified_time":"2019-07-31T18:24:04+00:00","og_image":[{"url":"http:\/\/florencejoubert.com\/wp-content\/uploads\/actualites\/43648573_10156074848048095_1691451575358193664_n.jpg"}],"twitter_card":"summary_large_image","twitter_misc":{"Written by":"Florence Joubert","Est. reading time":"2 minutes"},"schema":{"@context":"https:\/\/schema.org","@graph":[{"@type":"WebSite","@id":"https:\/\/florencejoubert.com\/#website","url":"https:\/\/florencejoubert.com\/","name":"Florence Joubert","description":"photographe","potentialAction":[{"@type":"SearchAction","target":{"@type":"EntryPoint","urlTemplate":"https:\/\/florencejoubert.com\/?s={search_term_string}"},"query-input":"required name=search_term_string"}],"inLanguage":"en-EN"},{"@type":"ImageObject","@id":"https:\/\/florencejoubert.com\/exposition-avec-le-collectif-les-sismographes\/#primaryimage","inLanguage":"en-EN","url":"http:\/\/florencejoubert.com\/wp-content\/uploads\/actualites\/43648573_10156074848048095_1691451575358193664_n.jpg","contentUrl":"http:\/\/florencejoubert.com\/wp-content\/uploads\/actualites\/43648573_10156074848048095_1691451575358193664_n.jpg"},{"@type":"WebPage","@id":"https:\/\/florencejoubert.com\/exposition-avec-le-collectif-les-sismographes\/#webpage","url":"https:\/\/florencejoubert.com\/exposition-avec-le-collectif-les-sismographes\/","name":"\/\/ Exhibition with les Sismo-graphes collective \/\/ | Florence Joubert photographe","isPartOf":{"@id":"https:\/\/florencejoubert.com\/#website"},"primaryImageOfPage":{"@id":"https:\/\/florencejoubert.com\/exposition-avec-le-collectif-les-sismographes\/#primaryimage"},"datePublished":"2018-11-05T17:51:04+00:00","dateModified":"2019-07-31T18:24:04+00:00","author":{"@id":"https:\/\/florencejoubert.com\/#\/schema\/person\/a1948701805318ac010bec46084b20cd"},"breadcrumb":{"@id":"https:\/\/florencejoubert.com\/exposition-avec-le-collectif-les-sismographes\/#breadcrumb"},"inLanguage":"en-EN","potentialAction":[{"@type":"ReadAction","target":["https:\/\/florencejoubert.com\/exposition-avec-le-collectif-les-sismographes\/"]}]},{"@type":"BreadcrumbList","@id":"https:\/\/florencejoubert.com\/exposition-avec-le-collectif-les-sismographes\/#breadcrumb","itemListElement":[{"@type":"ListItem","position":1,"name":"Accueil","item":"https:\/\/florencejoubert.com\/"},{"@type":"ListItem","position":2,"name":"\/\/ Exposition avec le collectif les Sismographes \/\/"}]},{"@type":"Person","@id":"https:\/\/florencejoubert.com\/#\/schema\/person\/a1948701805318ac010bec46084b20cd","name":"Florence Joubert","image":{"@type":"ImageObject","@id":"https:\/\/florencejoubert.com\/#personlogo","inLanguage":"en-EN","url":"https:\/\/secure.gravatar.com\/avatar\/47dc42bffabab4d916b404eadbe7e4bf?s=96&d=mm&r=g","contentUrl":"https:\/\/secure.gravatar.com\/avatar\/47dc42bffabab4d916b404eadbe7e4bf?s=96&d=mm&r=g","caption":"Florence Joubert"}}]}},"_links":{"self":[{"href":"https:\/\/florencejoubert.com\/en\/wp-json\/wp\/v2\/posts\/2483"}],"collection":[{"href":"https:\/\/florencejoubert.com\/en\/wp-json\/wp\/v2\/posts"}],"about":[{"href":"https:\/\/florencejoubert.com\/en\/wp-json\/wp\/v2\/types\/post"}],"author":[{"embeddable":true,"href":"https:\/\/florencejoubert.com\/en\/wp-json\/wp\/v2\/users\/3"}],"replies":[{"embeddable":true,"href":"https:\/\/florencejoubert.com\/en\/wp-json\/wp\/v2\/comments?post=2483"}],"version-history":[{"count":2,"href":"https:\/\/florencejoubert.com\/en\/wp-json\/wp\/v2\/posts\/2483\/revisions"}],"predecessor-version":[{"id":2500,"href":"https:\/\/florencejoubert.com\/en\/wp-json\/wp\/v2\/posts\/2483\/revisions\/2500"}],"wp:attachment":[{"href":"https:\/\/florencejoubert.com\/en\/wp-json\/wp\/v2\/media?parent=2483"}],"wp:term":[{"taxonomy":"category","embeddable":true,"href":"https:\/\/florencejoubert.com\/en\/wp-json\/wp\/v2\/categories?post=2483"},{"taxonomy":"post_tag","embeddable":true,"href":"https:\/\/florencejoubert.com\/en\/wp-json\/wp\/v2\/tags?post=2483"}],"curies":[{"name":"wp","href":"https:\/\/api.w.org\/{rel}","templated":true}]}}